 {"id":14364,"date":"2024-09-11T21:15:43","date_gmt":"2024-09-11T19:15:43","guid":{"rendered":"https:\/\/alba.es\/?p=14364"},"modified":"2025-07-10T10:45:29","modified_gmt":"2025-07-10T08:45:29","slug":"installation-nacelle-volante","status":"publish","type":"post","link":"https:\/\/www.alba.es\/fr\/installation-nacelle-volante\/","title":{"rendered":"Installation d&rsquo;une nacelle volante \u00e9lectrique"},"content":{"rendered":"\t\t<div data-elementor-type=\"wp-post\" data-elementor-id=\"14364\" class=\"elementor elementor-14364 elementor-13851\" data-elementor-post-type=\"post\">\n\t\t\t\t<div class=\"elementor-element elementor-element-27c3da82 e-flex e-con-boxed e-con e-parent\" data-id=\"27c3da82\" data-element_type=\"container\" data-e-type=\"container\">\n\t\t\t\t\t<div class=\"e-con-inner\">\n\t\t\t\t<div class=\"elementor-element elementor-element-790670e2 elementor-widget elementor-widget-heading\" data-id=\"790670e2\" data-element_type=\"widget\" data-e-type=\"widget\" data-widget_type=\"heading.default\">\n\t\t\t\t<div class=\"elementor-widget-container\">\n\t\t\t\t\t<h2 class=\"elementor-heading-title elementor-size-default\">Un \u00e9quipement polyvalent et facile \u00e0 installer <\/h2>\t\t\t\t<\/div>\n\t\t\t\t<\/div>\n\t\t\t\t<div class=\"elementor-element elementor-element-4bcb2206 elementor-widget elementor-widget-text-editor\" data-id=\"4bcb2206\" data-element_type=\"widget\" data-e-type=\"widget\" data-widget_type=\"text-editor.default\">\n\t\t\t\t<div class=\"elementor-widget-container\">\n\t\t\t\t\t\t\t\t\t<p>Notre\u00a0<a href=\"https:\/\/www.alba.es\/fr\/productos\/elevacion\/andamios-colgantes\/electricos\/p\/echafaudages-electriques\" target=\"_blank\" rel=\"noopener\">plateforme suspendue motoris\u00e9e<\/a>\u00a0est une solution l\u00e9g\u00e8re et s\u00e9curis\u00e9e qui facilite le travail en hauteur gr\u00e2ce \u00e0 un syst\u00e8me modulaire d\u2019\u00e9l\u00e9ments et d\u2019accessoires interchangeables, offrant ainsi une grande polyvalence. Elle s\u2019adapte parfaitement \u00e0 diff\u00e9rentes configurations de travail, telles que de larges fa\u00e7ades et de grandes hauteurs. Sa capacit\u00e9 \u00e0 am\u00e9liorer l\u2019efficacit\u00e9 au travail en fait le choix id\u00e9al pour les projets n\u00e9cessitant rapidit\u00e9, s\u00e9curit\u00e9 et performance optimale. Elle est con\u00e7ue pour simplifier son processus de montage.<\/p><p>Avec ces caract\u00e9ristiques, l\u2019\u00e9chafaudage suspendu \u00e9lectrique ALBA se pr\u00e9sente comme la solution ultime pour ceux qui recherchent une plateforme suspendue performante et facile \u00e0 manipuler.<\/p>\t\t\t\t\t\t\t\t<\/div>\n\t\t\t\t<\/div>\n\t\t\t\t<div class=\"elementor-element elementor-element-7f60329f elementor-widget elementor-widget-heading\" data-id=\"7f60329f\" data-element_type=\"widget\" data-e-type=\"widget\" data-widget_type=\"heading.default\">\n\t\t\t\t<div class=\"elementor-widget-container\">\n\t\t\t\t\t<h2 class=\"elementor-heading-title elementor-size-default\">Montage simple et efficace<\/h2>\t\t\t\t<\/div>\n\t\t\t\t<\/div>\n\t\t\t\t<div class=\"elementor-element elementor-element-28ddda1e elementor-widget elementor-widget-text-editor\" data-id=\"28ddda1e\" data-element_type=\"widget\" data-e-type=\"widget\" data-widget_type=\"text-editor.default\">\n\t\t\t\t<div class=\"elementor-widget-container\">\n\t\t\t\t\t\t\t\t\t<p>Monter un\u00a0<a href=\"https:\/\/www.alba.es\/fr\/productos\/elevacion\/andamios-colgantes\/electricos\/p\/echafaudages-electriques\" target=\"_blank\" rel=\"noopener\">\u00e9chafaudage suspendu \u00e9lectrique de la marque ALBA<\/a>\u00a0est une t\u00e2che rapide et simple. Son design innovant permet une installation en quelques minutes, avec un seul op\u00e9rateur et sans besoin d\u2019outils, car les boulons sont int\u00e9gr\u00e9s dans les lyres.<\/p>\t\t\t\t\t\t\t\t<\/div>\n\t\t\t\t<\/div>\n\t\t\t\t<div class=\"elementor-element elementor-element-418216b6 elementor-widget elementor-widget-text-editor\" data-id=\"418216b6\" data-element_type=\"widget\" data-e-type=\"widget\" data-widget_type=\"text-editor.default\">\n\t\t\t\t<div class=\"elementor-widget-container\">\n\t\t\t\t\t\t\t\t\t<p><em><strong><img decoding=\"async\" class=\"emoji\" role=\"img\" draggable=\"false\" src=\"https:\/\/s.w.org\/images\/core\/emoji\/15.0.3\/svg\/1f3a5.svg\" alt=\"\ud83c\udfa5\" \/>\u00a0Dans cette vid\u00e9o, vous pouvez voir comment installer une plateforme suspendue \u00e9lectrique de mani\u00e8re rapide et facile, sans avoir besoin d\u2019outils &gt;&gt;<\/strong><\/em><\/p>\t\t\t\t\t\t\t\t<\/div>\n\t\t\t\t<\/div>\n\t\t\t\t<div class=\"elementor-element elementor-element-24cb38fc elementor-widget elementor-widget-video\" data-id=\"24cb38fc\" data-element_type=\"widget\" data-e-type=\"widget\" data-settings=\"{&quot;youtube_url&quot;:&quot;https:\\\/\\\/www.youtube.com\\\/watch?v=9c-fyjVqZlo&amp;ab_channel=Alba&quot;,&quot;video_type&quot;:&quot;youtube&quot;,&quot;controls&quot;:&quot;yes&quot;}\" data-widget_type=\"video.default\">\n\t\t\t\t<div class=\"elementor-widget-container\">\n\t\t\t\t\t\t\t<div class=\"elementor-wrapper elementor-open-inline\">\n\t\t\t<div class=\"elementor-video\"><\/div>\t\t<\/div>\n\t\t\t\t\t\t<\/div>\n\t\t\t\t<\/div>\n\t\t\t\t<div class=\"elementor-element elementor-element-31f2941b elementor-widget elementor-widget-heading\" data-id=\"31f2941b\" data-element_type=\"widget\" data-e-type=\"widget\" data-widget_type=\"heading.default\">\n\t\t\t\t<div class=\"elementor-widget-container\">\n\t\t\t\t\t<h2 class=\"elementor-heading-title elementor-size-default\">S\u00e9curit\u00e9 et fiabilit\u00e9 garanties<\/h2>\t\t\t\t<\/div>\n\t\t\t\t<\/div>\n\t\t\t\t<div class=\"elementor-element elementor-element-68c9977b elementor-widget elementor-widget-text-editor\" data-id=\"68c9977b\" data-element_type=\"widget\" data-e-type=\"widget\" data-widget_type=\"text-editor.default\">\n\t\t\t\t<div class=\"elementor-widget-container\">\n\t\t\t\t\t\t\t\t\t<p><a href=\"https:\/\/www.alba.es\/fr\/productos\/elevacion\/andamios-colgantes\/electricos\/p\/echafaudages-electriques\" target=\"_blank\" rel=\"noopener\">Notre nacelle volante \u00e9lectrique<\/a>\u00a0n\u2019est pas seulement facile \u00e0 assembler, elle privil\u00e8ge aussi la s\u00e9curit\u00e9. Fabriqu\u00e9e \u00e0 partir de mat\u00e9riaux robustes (aluminium) et dot\u00e9e d\u2019une structure ergonomique, elle offre une base stable, id\u00e9ale pour les travaux en hauteur. Ses syst\u00e8mes de s\u00e9curit\u00e9 int\u00e9gr\u00e9s apportent une tranquillit\u00e9 d\u2019esprit aux op\u00e9rateurs. En effet, les treuils ALBA sont \u00e9quip\u00e9s en s\u00e9rie d\u2019un syst\u00e8me de s\u00e9curit\u00e9 anti-chute int\u00e9gr\u00e9 pour un deuxi\u00e8me c\u00e2ble de s\u00e9curit\u00e9 qui fonctionnera lors d\u2019une perte de pression du c\u00e2ble principal, ainsi que lors d\u2019une inclination de la plateforme. Ils sont aussi munis d\u2019un syst\u00e8me de surcharge qui limite la capacit\u00e9 de charge du treuil et qui emp\u00eache son mouvement en cas de d\u00e9passer la limite.<\/p>\t\t\t\t\t\t\t\t<\/div>\n\t\t\t\t<\/div>\n\t\t\t\t<div class=\"elementor-element elementor-element-72ac2325 elementor-align-left elementor-widget elementor-widget-button\" data-id=\"72ac2325\" data-element_type=\"widget\" data-e-type=\"widget\" data-widget_type=\"button.default\">\n\t\t\t\t<div class=\"elementor-widget-container\">\n\t\t\t\t\t\t\t\t\t<div class=\"elementor-button-wrapper\">\n\t\t\t\t\t<a class=\"elementor-button elementor-button-link elementor-size-sm\" href=\"\/wp-content\/media\/ALBA-MACREL-GROUP_echafaudages-electriques-1.pdf\">\n\t\t\t\t\t\t<span class=\"elementor-button-content-wrapper\">\n\t\t\t\t\t\t\t\t\t<span class=\"elementor-button-text\">\ud83d\udcc4 Consultez ici la fiche technique de l\u2019\u00e9chafaudage suspendu \u00e9lectrique.<\/span>\n\t\t\t\t\t<\/span>\n\t\t\t\t\t<\/a>\n\t\t\t\t<\/div>\n\t\t\t\t\t\t\t\t<\/div>\n\t\t\t\t<\/div>\n\t\t\t\t<div class=\"elementor-element elementor-element-61c10c6 elementor-widget elementor-widget-heading\" data-id=\"61c10c6\" data-element_type=\"widget\" data-e-type=\"widget\" data-widget_type=\"heading.default\">\n\t\t\t\t<div class=\"elementor-widget-container\">\n\t\t\t\t\t<h2 class=\"elementor-heading-title elementor-size-default\">Polyvalence et adaptabilit\u00e9<\/h2>\t\t\t\t<\/div>\n\t\t\t\t<\/div>\n\t\t\t\t<div class=\"elementor-element elementor-element-715c8d38 elementor-widget elementor-widget-text-editor\" data-id=\"715c8d38\" data-element_type=\"widget\" data-e-type=\"widget\" data-widget_type=\"text-editor.default\">\n\t\t\t\t<div class=\"elementor-widget-container\">\n\t\t\t\t\t\t\t\t\t<p>De plus,\u00a0<a href=\"https:\/\/www.alba.es\/fr\/productos\/elevacion\/andamios-colgantes\/electricos\/p\/echafaudages-electriques\" target=\"_blank\" rel=\"noopener\">l\u2019\u00e9chafaudage suspendu \u00e9lectrique ALBA<\/a>\u00a0s\u2019adapte \u00e0 une grande vari\u00e9t\u00e9 d\u2019environnements et de besoins. Des travaux de maintenance ou de r\u00e9habilitation de b\u00e2timents aux applications industrielles ou aux ponts, sa polyvalence en fait un outil indispensable pour tout projet. La facilit\u00e9 d\u2019installation permet son utilisation \u00e0 diff\u00e9rentes hauteurs et sur diverses structures.<\/p>\t\t\t\t\t\t\t\t<\/div>\n\t\t\t\t<\/div>\n\t\t\t\t<div class=\"elementor-element elementor-element-1d46ce75 elementor-align-left elementor-widget elementor-widget-button\" data-id=\"1d46ce75\" data-element_type=\"widget\" data-e-type=\"widget\" data-widget_type=\"button.default\">\n\t\t\t\t<div class=\"elementor-widget-container\">\n\t\t\t\t\t\t\t\t\t<div class=\"elementor-button-wrapper\">\n\t\t\t\t\t<a class=\"elementor-button elementor-button-link elementor-size-sm\" href=\"\/fr\/produits\/elevation\/nacelles-suspendues\/p\/echafaudages-electriques\/\">\n\t\t\t\t\t\t<span class=\"elementor-button-content-wrapper\">\n\t\t\t\t\t\t<span class=\"elementor-button-icon\">\n\t\t\t\t<svg aria-hidden=\"true\" class=\"e-font-icon-svg e-fas-grip-lines-vertical\" viewBox=\"0 0 256 512\" xmlns=\"http:\/\/www.w3.org\/2000\/svg\"><path d=\"M96 496V16c0-8.8-7.2-16-16-16H48c-8.8 0-16 7.2-16 16v480c0 8.8 7.2 16 16 16h32c8.8 0 16-7.2 16-16zm128 0V16c0-8.8-7.2-16-16-16h-32c-8.8 0-16 7.2-16 16v480c0 8.8 7.2 16 16 16h32c8.8 0 16-7.2 16-16z\"><\/path><\/svg>\t\t\t<\/span>\n\t\t\t\t\t\t\t\t\t<span class=\"elementor-button-text\">\ud83d\udce9 Demandez-nous un devis en cliquant ici.<\/span>\n\t\t\t\t\t<\/span>\n\t\t\t\t\t<\/a>\n\t\t\t\t<\/div>\n\t\t\t\t\t\t\t\t<\/div>\n\t\t\t\t<\/div>\n\t\t\t\t\t<\/div>\n\t\t\t\t<\/div>\n\t\t\t\t<\/div>\n\t\t","protected":false},"excerpt":{"rendered":"<p>Un \u00e9quipement polyvalent et facile \u00e0 installer Notre\u00a0plateforme suspendue motoris\u00e9e\u00a0est une solution l\u00e9g\u00e8re et s\u00e9curis\u00e9e qui facilite le travail en hauteur gr\u00e2ce \u00e0 un syst\u00e8me modulaire d\u2019\u00e9l\u00e9ments et d\u2019accessoires interchangeables, offrant ainsi une grande polyvalence. Elle s\u2019adapte parfaitement \u00e0 diff\u00e9rentes configurations de travail, telles que de larges fa\u00e7ades et de grandes hauteurs. Sa capacit\u00e9 \u00e0 [&hellip;]<\/p>\n","protected":false},"author":19,"featured_media":13111,"comment_status":"open","ping_status":"closed","sticky":false,"template":"","format":"standard","meta":{"_acf_changed":false,"footnotes":""},"categories":[227,184],"tags":[],"class_list":["post-14364","post","type-post","status-publish","format-standard","has-post-thumbnail","hentry","category-nacelle-volante-electrique","category-produits-fr"],"acf":[],"yoast_head":"<!-- This site is optimized with the Yoast SEO plugin v27.5 - https:\/\/yoast.com\/product\/yoast-seo-wordpress\/ -->\n<title>Installation d&#039;une nacelle volante \u00e9lectrique - Alba<\/title>\n<meta name=\"description\" content=\"Le montage de la plateforme suspendue \u00e9lectrique d&#039;ALBA est rapide et facile : un seul op\u00e9rateur et sans besoin d\u2019outils.\" \/>\n<meta name=\"robots\" content=\"index, follow, max-snippet:-1, max-image-preview:large, max-video-preview:-1\" \/>\n<link rel=\"canonical\" href=\"https:\/\/www.alba.es\/fr\/installation-nacelle-volante\/\" \/>\n<meta property=\"og:locale\" content=\"fr_FR\" \/>\n<meta property=\"og:type\" content=\"article\" \/>\n<meta property=\"og:title\" content=\"Installation d&#039;une nacelle volante \u00e9lectrique - Alba\" \/>\n<meta property=\"og:description\" content=\"Le montage de la plateforme suspendue \u00e9lectrique d&#039;ALBA est rapide et facile : un seul op\u00e9rateur et sans besoin d\u2019outils.\" \/>\n<meta property=\"og:url\" content=\"https:\/\/www.alba.es\/fr\/installation-nacelle-volante\/\" \/>\n<meta property=\"og:site_name\" content=\"Alba\" \/>\n<meta property=\"article:publisher\" content=\"https:\/\/www.facebook.com\/albamacrelgroupsl?_rdc=2&amp;_rdr#\" \/>\n<meta property=\"article:published_time\" content=\"2024-09-11T19:15:43+00:00\" \/>\n<meta property=\"article:modified_time\" content=\"2025-07-10T08:45:29+00:00\" \/>\n<meta property=\"og:image\" content=\"https:\/\/www.alba.es\/wp-content\/media\/ALBA-Andamio-colgante-montaje.jpg\" \/>\n\t<meta property=\"og:image:width\" content=\"1920\" \/>\n\t<meta property=\"og:image:height\" content=\"1440\" \/>\n\t<meta property=\"og:image:type\" content=\"image\/jpeg\" \/>\n<meta name=\"author\" content=\"Melissa G\u00f3mez\" \/>\n<meta name=\"twitter:card\" content=\"summary_large_image\" \/>\n<meta name=\"twitter:label1\" content=\"\u00c9crit par\" \/>\n\t<meta name=\"twitter:data1\" content=\"Melissa G\u00f3mez\" \/>\n\t<meta name=\"twitter:label2\" content=\"Dur\u00e9e de lecture estim\u00e9e\" \/>\n\t<meta name=\"twitter:data2\" content=\"2 minutes\" \/>\n<script type=\"application\/ld+json\" class=\"yoast-schema-graph\">{\"@context\":\"https:\\\/\\\/schema.org\",\"@graph\":[{\"@type\":\"TechArticle\",\"@id\":\"https:\\\/\\\/www.alba.es\\\/fr\\\/installation-nacelle-volante\\\/#article\",\"isPartOf\":{\"@id\":\"https:\\\/\\\/www.alba.es\\\/fr\\\/installation-nacelle-volante\\\/\"},\"author\":{\"name\":\"Melissa G\u00f3mez\",\"@id\":\"https:\\\/\\\/www.alba.es\\\/#\\\/schema\\\/person\\\/68d4b96fbf8f6490c8893f595f663859\"},\"headline\":\"Installation d&rsquo;une nacelle volante \u00e9lectrique\",\"datePublished\":\"2024-09-11T19:15:43+00:00\",\"dateModified\":\"2025-07-10T08:45:29+00:00\",\"mainEntityOfPage\":{\"@id\":\"https:\\\/\\\/www.alba.es\\\/fr\\\/installation-nacelle-volante\\\/\"},\"wordCount\":444,\"commentCount\":0,\"publisher\":{\"@id\":\"https:\\\/\\\/www.alba.es\\\/#organization\"},\"image\":{\"@id\":\"https:\\\/\\\/www.alba.es\\\/fr\\\/installation-nacelle-volante\\\/#primaryimage\"},\"thumbnailUrl\":\"https:\\\/\\\/www.alba.es\\\/wp-content\\\/media\\\/ALBA-Andamio-colgante-montaje.jpg\",\"articleSection\":[\"Nacelle volante \u00e9lectrique\",\"Produits\"],\"inLanguage\":\"fr-FR\",\"potentialAction\":[{\"@type\":\"CommentAction\",\"name\":\"Comment\",\"target\":[\"https:\\\/\\\/www.alba.es\\\/fr\\\/installation-nacelle-volante\\\/#respond\"]}]},{\"@type\":[\"WebPage\",\"ItemPage\"],\"@id\":\"https:\\\/\\\/www.alba.es\\\/fr\\\/installation-nacelle-volante\\\/\",\"url\":\"https:\\\/\\\/www.alba.es\\\/fr\\\/installation-nacelle-volante\\\/\",\"name\":\"Installation d'une nacelle volante \u00e9lectrique - Alba\",\"isPartOf\":{\"@id\":\"https:\\\/\\\/www.alba.es\\\/#website\"},\"primaryImageOfPage\":{\"@id\":\"https:\\\/\\\/www.alba.es\\\/fr\\\/installation-nacelle-volante\\\/#primaryimage\"},\"image\":{\"@id\":\"https:\\\/\\\/www.alba.es\\\/fr\\\/installation-nacelle-volante\\\/#primaryimage\"},\"thumbnailUrl\":\"https:\\\/\\\/www.alba.es\\\/wp-content\\\/media\\\/ALBA-Andamio-colgante-montaje.jpg\",\"datePublished\":\"2024-09-11T19:15:43+00:00\",\"dateModified\":\"2025-07-10T08:45:29+00:00\",\"description\":\"Le montage de la plateforme suspendue \u00e9lectrique d'ALBA est rapide et facile : un seul op\u00e9rateur et sans besoin d\u2019outils.\",\"breadcrumb\":{\"@id\":\"https:\\\/\\\/www.alba.es\\\/fr\\\/installation-nacelle-volante\\\/#breadcrumb\"},\"inLanguage\":\"fr-FR\",\"potentialAction\":[{\"@type\":\"ReadAction\",\"target\":[\"https:\\\/\\\/www.alba.es\\\/fr\\\/installation-nacelle-volante\\\/\"]}]},{\"@type\":\"ImageObject\",\"inLanguage\":\"fr-FR\",\"@id\":\"https:\\\/\\\/www.alba.es\\\/fr\\\/installation-nacelle-volante\\\/#primaryimage\",\"url\":\"https:\\\/\\\/www.alba.es\\\/wp-content\\\/media\\\/ALBA-Andamio-colgante-montaje.jpg\",\"contentUrl\":\"https:\\\/\\\/www.alba.es\\\/wp-content\\\/media\\\/ALBA-Andamio-colgante-montaje.jpg\",\"width\":1920,\"height\":1440},{\"@type\":\"BreadcrumbList\",\"@id\":\"https:\\\/\\\/www.alba.es\\\/fr\\\/installation-nacelle-volante\\\/#breadcrumb\",\"itemListElement\":[{\"@type\":\"ListItem\",\"position\":1,\"name\":\"Portada\",\"item\":\"https:\\\/\\\/www.alba.es\\\/fr\\\/\"},{\"@type\":\"ListItem\",\"position\":2,\"name\":\"Installation d&rsquo;une nacelle volante \u00e9lectrique\"}]},{\"@type\":\"WebSite\",\"@id\":\"https:\\\/\\\/www.alba.es\\\/#website\",\"url\":\"https:\\\/\\\/www.alba.es\\\/\",\"name\":\"Alba - Elevadores de construcci\u00f3n y plataformas suspendidas\",\"description\":\"Soluciones de acceso y movilidad en construcci\u00f3n\",\"publisher\":{\"@id\":\"https:\\\/\\\/www.alba.es\\\/#organization\"},\"alternateName\":\"Alba\",\"potentialAction\":[{\"@type\":\"SearchAction\",\"target\":{\"@type\":\"EntryPoint\",\"urlTemplate\":\"https:\\\/\\\/www.alba.es\\\/?s={search_term_string}\"},\"query-input\":{\"@type\":\"PropertyValueSpecification\",\"valueRequired\":true,\"valueName\":\"search_term_string\"}}],\"inLanguage\":\"fr-FR\"},{\"@type\":\"Organization\",\"@id\":\"https:\\\/\\\/www.alba.es\\\/#organization\",\"name\":\"Alba\",\"alternateName\":\"Alba\",\"url\":\"https:\\\/\\\/www.alba.es\\\/\",\"logo\":{\"@type\":\"ImageObject\",\"inLanguage\":\"fr-FR\",\"@id\":\"https:\\\/\\\/www.alba.es\\\/#\\\/schema\\\/logo\\\/image\\\/\",\"url\":\"https:\\\/\\\/alba.es\\\/wp-content\\\/media\\\/logo_alba__light.png\",\"contentUrl\":\"https:\\\/\\\/alba.es\\\/wp-content\\\/media\\\/logo_alba__light.png\",\"width\":400,\"height\":106,\"caption\":\"Alba\"},\"image\":{\"@id\":\"https:\\\/\\\/www.alba.es\\\/#\\\/schema\\\/logo\\\/image\\\/\"},\"sameAs\":[\"https:\\\/\\\/www.facebook.com\\\/albamacrelgroupsl?_rdc=2&_rdr#\",\"https:\\\/\\\/www.linkedin.com\\\/company\\\/canopy-brands-alba\\\/\"]},{\"@type\":\"Person\",\"@id\":\"https:\\\/\\\/www.alba.es\\\/#\\\/schema\\\/person\\\/68d4b96fbf8f6490c8893f595f663859\",\"name\":\"Melissa G\u00f3mez\",\"image\":{\"@type\":\"ImageObject\",\"inLanguage\":\"fr-FR\",\"@id\":\"https:\\\/\\\/secure.gravatar.com\\\/avatar\\\/8f57fc86599514671c1255ee88663317bd02c315411f69dbe0f587567df6cb36?s=96&d=mm&r=g\",\"url\":\"https:\\\/\\\/secure.gravatar.com\\\/avatar\\\/8f57fc86599514671c1255ee88663317bd02c315411f69dbe0f587567df6cb36?s=96&d=mm&r=g\",\"contentUrl\":\"https:\\\/\\\/secure.gravatar.com\\\/avatar\\\/8f57fc86599514671c1255ee88663317bd02c315411f69dbe0f587567df6cb36?s=96&d=mm&r=g\",\"caption\":\"Melissa G\u00f3mez\"}}]}<\/script>\n<!-- \/ Yoast SEO plugin. -->","yoast_head_json":{"title":"Installation d'une nacelle volante \u00e9lectrique - Alba","description":"Le montage de la plateforme suspendue \u00e9lectrique d'ALBA est rapide et facile : un seul op\u00e9rateur et sans besoin d\u2019outils.","robots":{"index":"index","follow":"follow","max-snippet":"max-snippet:-1","max-image-preview":"max-image-preview:large","max-video-preview":"max-video-preview:-1"},"canonical":"https:\/\/www.alba.es\/fr\/installation-nacelle-volante\/","og_locale":"fr_FR","og_type":"article","og_title":"Installation d'une nacelle volante \u00e9lectrique - Alba","og_description":"Le montage de la plateforme suspendue \u00e9lectrique d'ALBA est rapide et facile : un seul op\u00e9rateur et sans besoin d\u2019outils.","og_url":"https:\/\/www.alba.es\/fr\/installation-nacelle-volante\/","og_site_name":"Alba","article_publisher":"https:\/\/www.facebook.com\/albamacrelgroupsl?_rdc=2&_rdr#","article_published_time":"2024-09-11T19:15:43+00:00","article_modified_time":"2025-07-10T08:45:29+00:00","og_image":[{"width":1920,"height":1440,"url":"https:\/\/www.alba.es\/wp-content\/media\/ALBA-Andamio-colgante-montaje.jpg","type":"image\/jpeg"}],"author":"Melissa G\u00f3mez","twitter_card":"summary_large_image","twitter_misc":{"\u00c9crit par":"Melissa G\u00f3mez","Dur\u00e9e de lecture estim\u00e9e":"2 minutes"},"schema":{"@context":"https:\/\/schema.org","@graph":[{"@type":"TechArticle","@id":"https:\/\/www.alba.es\/fr\/installation-nacelle-volante\/#article","isPartOf":{"@id":"https:\/\/www.alba.es\/fr\/installation-nacelle-volante\/"},"author":{"name":"Melissa G\u00f3mez","@id":"https:\/\/www.alba.es\/#\/schema\/person\/68d4b96fbf8f6490c8893f595f663859"},"headline":"Installation d&rsquo;une nacelle volante \u00e9lectrique","datePublished":"2024-09-11T19:15:43+00:00","dateModified":"2025-07-10T08:45:29+00:00","mainEntityOfPage":{"@id":"https:\/\/www.alba.es\/fr\/installation-nacelle-volante\/"},"wordCount":444,"commentCount":0,"publisher":{"@id":"https:\/\/www.alba.es\/#organization"},"image":{"@id":"https:\/\/www.alba.es\/fr\/installation-nacelle-volante\/#primaryimage"},"thumbnailUrl":"https:\/\/www.alba.es\/wp-content\/media\/ALBA-Andamio-colgante-montaje.jpg","articleSection":["Nacelle volante \u00e9lectrique","Produits"],"inLanguage":"fr-FR","potentialAction":[{"@type":"CommentAction","name":"Comment","target":["https:\/\/www.alba.es\/fr\/installation-nacelle-volante\/#respond"]}]},{"@type":["WebPage","ItemPage"],"@id":"https:\/\/www.alba.es\/fr\/installation-nacelle-volante\/","url":"https:\/\/www.alba.es\/fr\/installation-nacelle-volante\/","name":"Installation d'une nacelle volante \u00e9lectrique - Alba","isPartOf":{"@id":"https:\/\/www.alba.es\/#website"},"primaryImageOfPage":{"@id":"https:\/\/www.alba.es\/fr\/installation-nacelle-volante\/#primaryimage"},"image":{"@id":"https:\/\/www.alba.es\/fr\/installation-nacelle-volante\/#primaryimage"},"thumbnailUrl":"https:\/\/www.alba.es\/wp-content\/media\/ALBA-Andamio-colgante-montaje.jpg","datePublished":"2024-09-11T19:15:43+00:00","dateModified":"2025-07-10T08:45:29+00:00","description":"Le montage de la plateforme suspendue \u00e9lectrique d'ALBA est rapide et facile : un seul op\u00e9rateur et sans besoin d\u2019outils.","breadcrumb":{"@id":"https:\/\/www.alba.es\/fr\/installation-nacelle-volante\/#breadcrumb"},"inLanguage":"fr-FR","potentialAction":[{"@type":"ReadAction","target":["https:\/\/www.alba.es\/fr\/installation-nacelle-volante\/"]}]},{"@type":"ImageObject","inLanguage":"fr-FR","@id":"https:\/\/www.alba.es\/fr\/installation-nacelle-volante\/#primaryimage","url":"https:\/\/www.alba.es\/wp-content\/media\/ALBA-Andamio-colgante-montaje.jpg","contentUrl":"https:\/\/www.alba.es\/wp-content\/media\/ALBA-Andamio-colgante-montaje.jpg","width":1920,"height":1440},{"@type":"BreadcrumbList","@id":"https:\/\/www.alba.es\/fr\/installation-nacelle-volante\/#breadcrumb","itemListElement":[{"@type":"ListItem","position":1,"name":"Portada","item":"https:\/\/www.alba.es\/fr\/"},{"@type":"ListItem","position":2,"name":"Installation d&rsquo;une nacelle volante \u00e9lectrique"}]},{"@type":"WebSite","@id":"https:\/\/www.alba.es\/#website","url":"https:\/\/www.alba.es\/","name":"Alba - Elevadores de construcci\u00f3n y plataformas suspendidas","description":"Soluciones de acceso y movilidad en construcci\u00f3n","publisher":{"@id":"https:\/\/www.alba.es\/#organization"},"alternateName":"Alba","potentialAction":[{"@type":"SearchAction","target":{"@type":"EntryPoint","urlTemplate":"https:\/\/www.alba.es\/?s={search_term_string}"},"query-input":{"@type":"PropertyValueSpecification","valueRequired":true,"valueName":"search_term_string"}}],"inLanguage":"fr-FR"},{"@type":"Organization","@id":"https:\/\/www.alba.es\/#organization","name":"Alba","alternateName":"Alba","url":"https:\/\/www.alba.es\/","logo":{"@type":"ImageObject","inLanguage":"fr-FR","@id":"https:\/\/www.alba.es\/#\/schema\/logo\/image\/","url":"https:\/\/alba.es\/wp-content\/media\/logo_alba__light.png","contentUrl":"https:\/\/alba.es\/wp-content\/media\/logo_alba__light.png","width":400,"height":106,"caption":"Alba"},"image":{"@id":"https:\/\/www.alba.es\/#\/schema\/logo\/image\/"},"sameAs":["https:\/\/www.facebook.com\/albamacrelgroupsl?_rdc=2&_rdr#","https:\/\/www.linkedin.com\/company\/canopy-brands-alba\/"]},{"@type":"Person","@id":"https:\/\/www.alba.es\/#\/schema\/person\/68d4b96fbf8f6490c8893f595f663859","name":"Melissa G\u00f3mez","image":{"@type":"ImageObject","inLanguage":"fr-FR","@id":"https:\/\/secure.gravatar.com\/avatar\/8f57fc86599514671c1255ee88663317bd02c315411f69dbe0f587567df6cb36?s=96&d=mm&r=g","url":"https:\/\/secure.gravatar.com\/avatar\/8f57fc86599514671c1255ee88663317bd02c315411f69dbe0f587567df6cb36?s=96&d=mm&r=g","contentUrl":"https:\/\/secure.gravatar.com\/avatar\/8f57fc86599514671c1255ee88663317bd02c315411f69dbe0f587567df6cb36?s=96&d=mm&r=g","caption":"Melissa G\u00f3mez"}}]}},"_links":{"self":[{"href":"https:\/\/www.alba.es\/fr\/wp-json\/wp\/v2\/posts\/14364","targetHints":{"allow":["GET"]}}],"collection":[{"href":"https:\/\/www.alba.es\/fr\/wp-json\/wp\/v2\/posts"}],"about":[{"href":"https:\/\/www.alba.es\/fr\/wp-json\/wp\/v2\/types\/post"}],"author":[{"embeddable":true,"href":"https:\/\/www.alba.es\/fr\/wp-json\/wp\/v2\/users\/19"}],"replies":[{"embeddable":true,"href":"https:\/\/www.alba.es\/fr\/wp-json\/wp\/v2\/comments?post=14364"}],"version-history":[{"count":5,"href":"https:\/\/www.alba.es\/fr\/wp-json\/wp\/v2\/posts\/14364\/revisions"}],"predecessor-version":[{"id":15618,"href":"https:\/\/www.alba.es\/fr\/wp-json\/wp\/v2\/posts\/14364\/revisions\/15618"}],"wp:featuredmedia":[{"embeddable":true,"href":"https:\/\/www.alba.es\/fr\/wp-json\/wp\/v2\/media\/13111"}],"wp:attachment":[{"href":"https:\/\/www.alba.es\/fr\/wp-json\/wp\/v2\/media?parent=14364"}],"wp:term":[{"taxonomy":"category","embeddable":true,"href":"https:\/\/www.alba.es\/fr\/wp-json\/wp\/v2\/categories?post=14364"},{"taxonomy":"post_tag","embeddable":true,"href":"https:\/\/www.alba.es\/fr\/wp-json\/wp\/v2\/tags?post=14364"}],"curies":[{"name":"wp","href":"https:\/\/api.w.org\/{rel}","templated":true}]}}